{"id":1745,"date":"2025-12-21T10:16:10","date_gmt":"2025-12-21T09:16:10","guid":{"rendered":"http:\/\/parafiarybarzowice.pl\/?p=1745"},"modified":"2025-12-21T13:25:55","modified_gmt":"2025-12-21T12:25:55","slug":"pielgrzymka-sladami-sww-apostolow-pawla-andrzeja-i-jana","status":"publish","type":"post","link":"http:\/\/parafiarybarzowice.pl\/index.php\/2025\/12\/21\/pielgrzymka-sladami-sww-apostolow-pawla-andrzeja-i-jana\/","title":{"rendered":"Parafialna Pielgrzymka \u015bladami \u015aww. Aposto\u0142\u00f3w: Paw\u0142a, Andrzeja i Jana 2026"},"content":{"rendered":"\n<figure class=\"wp-block-image size-large is-resized\"><img loading=\"lazy\" src=\"http:\/\/parafiarybarzowice.pl\/wp-content\/uploads\/2025\/12\/Pielgrzymka-sladami_page-0001-min-725x1024.jpg\" alt=\"\" class=\"wp-image-1746\" width=\"900\" height=\"1271\" srcset=\"http:\/\/parafiarybarzowice.pl\/wp-content\/uploads\/2025\/12\/Pielgrzymka-sladami_page-0001-min-725x1024.jpg 725w, http:\/\/parafiarybarzowice.pl\/wp-content\/uploads\/2025\/12\/Pielgrzymka-sladami_page-0001-min-212x300.jpg 212w, http:\/\/parafiarybarzowice.pl\/wp-content\/uploads\/2025\/12\/Pielgrzymka-sladami_page-0001-min-768x1085.jpg 768w, http:\/\/parafiarybarzowice.pl\/wp-content\/uploads\/2025\/12\/Pielgrzymka-sladami_page-0001-min-1087x1536.jpg 1087w, http:\/\/parafiarybarzowice.pl\/wp-content\/uploads\/2025\/12\/Pielgrzymka-sladami_page-0001-min-1449x2048.jpg 1449w, http:\/\/parafiarybarzowice.pl\/wp-content\/uploads\/2025\/12\/Pielgrzymka-sladami_page-0001-min-660x933.jpg 660w, http:\/\/parafiarybarzowice.pl\/wp-content\/uploads\/2025\/12\/Pielgrzymka-sladami_page-0001-min.jpg 1755w\" sizes=\"(max-width: 900px) 100vw, 900px\" \/><\/figure>\n\n\n\n<figure class=\"wp-block-image size-large is-resized\"><img loading=\"lazy\" src=\"http:\/\/parafiarybarzowice.pl\/wp-content\/uploads\/2025\/12\/Pielgrzymka-sladami_page-0002-min-725x1024.jpg\" alt=\"\" class=\"wp-image-1747\" width=\"894\" height=\"1263\" srcset=\"http:\/\/parafiarybarzowice.pl\/wp-content\/uploads\/2025\/12\/Pielgrzymka-sladami_page-0002-min-725x1024.jpg 725w, http:\/\/parafiarybarzowice.pl\/wp-content\/uploads\/2025\/12\/Pielgrzymka-sladami_page-0002-min-212x300.jpg 212w, http:\/\/parafiarybarzowice.pl\/wp-content\/uploads\/2025\/12\/Pielgrzymka-sladami_page-0002-min-768x1085.jpg 768w, http:\/\/parafiarybarzowice.pl\/wp-content\/uploads\/2025\/12\/Pielgrzymka-sladami_page-0002-min-1087x1536.jpg 1087w, http:\/\/parafiarybarzowice.pl\/wp-content\/uploads\/2025\/12\/Pielgrzymka-sladami_page-0002-min-1449x2048.jpg 1449w, http:\/\/parafiarybarzowice.pl\/wp-content\/uploads\/2025\/12\/Pielgrzymka-sladami_page-0002-min-660x933.jpg 660w, http:\/\/parafiarybarzowice.pl\/wp-content\/uploads\/2025\/12\/Pielgrzymka-sladami_page-0002-min.jpg 1755w\" sizes=\"(max-width: 894px) 100vw, 894px\" \/><\/figure>\n","protected":false},"excerpt":{"rendered":"<p>Termin: 13.06. &#8211; 25.06.2026<br \/>\nInformacje i program &#8211; kliknij<\/p>\n","protected":false},"author":1,"featured_media":1756,"comment_status":"closed","ping_status":"","sticky":false,"template":"","format":"standard","meta":[],"categories":[1],"tags":[],"_links":{"self":[{"href":"http:\/\/parafiarybarzowice.pl\/index.php\/wp-json\/wp\/v2\/posts\/1745"}],"collection":[{"href":"http:\/\/parafiarybarzowice.pl\/index.php\/wp-json\/wp\/v2\/posts"}],"about":[{"href":"http:\/\/parafiarybarzowice.pl\/index.php\/wp-json\/wp\/v2\/types\/post"}],"author":[{"embeddable":true,"href":"http:\/\/parafiarybarzowice.pl\/index.php\/wp-json\/wp\/v2\/users\/1"}],"replies":[{"embeddable":true,"href":"http:\/\/parafiarybarzowice.pl\/index.php\/wp-json\/wp\/v2\/comments?post=1745"}],"version-history":[{"count":3,"href":"http:\/\/parafiarybarzowice.pl\/index.php\/wp-json\/wp\/v2\/posts\/1745\/revisions"}],"predecessor-version":[{"id":1757,"href":"http:\/\/parafiarybarzowice.pl\/index.php\/wp-json\/wp\/v2\/posts\/1745\/revisions\/1757"}],"wp:featuredmedia":[{"embeddable":true,"href":"http:\/\/parafiarybarzowice.pl\/index.php\/wp-json\/wp\/v2\/media\/1756"}],"wp:attachment":[{"href":"http:\/\/parafiarybarzowice.pl\/index.php\/wp-json\/wp\/v2\/media?parent=1745"}],"wp:term":[{"taxonomy":"category","embeddable":true,"href":"http:\/\/parafiarybarzowice.pl\/index.php\/wp-json\/wp\/v2\/categories?post=1745"},{"taxonomy":"post_tag","embeddable":true,"href":"http:\/\/parafiarybarzowice.pl\/index.php\/wp-json\/wp\/v2\/tags?post=1745"}],"curies":[{"name":"wp","href":"https:\/\/api.w.org\/{rel}","templated":true}]}}