{"id":691,"date":"2022-01-22T20:52:58","date_gmt":"2022-01-22T19:52:58","guid":{"rendered":"http:\/\/parafiarybarzowice.pl\/?p=691"},"modified":"2022-01-22T20:52:58","modified_gmt":"2022-01-22T19:52:58","slug":"droga-synodalna-w-parafii-matki-bozej-pocieszenia-w-rybarzowicach","status":"publish","type":"post","link":"http:\/\/parafiarybarzowice.pl\/index.php\/2022\/01\/22\/droga-synodalna-w-parafii-matki-bozej-pocieszenia-w-rybarzowicach\/","title":{"rendered":"&#8220;DROGA SYNODALNA W PARAFII MATKI BO\u017bEJ POCIESZENIA W RYBARZOWICACH&#8221;"},"content":{"rendered":"\n<p><\/p>\n\n\n\n<figure class=\"wp-block-image size-large\"><img loading=\"lazy\" width=\"722\" height=\"1024\" src=\"http:\/\/parafiarybarzowice.pl\/wp-content\/uploads\/2022\/01\/SKM_C224e22012208522_0001-722x1024.jpg\" alt=\"\" class=\"wp-image-693\" srcset=\"http:\/\/parafiarybarzowice.pl\/wp-content\/uploads\/2022\/01\/SKM_C224e22012208522_0001-722x1024.jpg 722w, http:\/\/parafiarybarzowice.pl\/wp-content\/uploads\/2022\/01\/SKM_C224e22012208522_0001-211x300.jpg 211w, http:\/\/parafiarybarzowice.pl\/wp-content\/uploads\/2022\/01\/SKM_C224e22012208522_0001-768x1090.jpg 768w, http:\/\/parafiarybarzowice.pl\/wp-content\/uploads\/2022\/01\/SKM_C224e22012208522_0001-1083x1536.jpg 1083w, http:\/\/parafiarybarzowice.pl\/wp-content\/uploads\/2022\/01\/SKM_C224e22012208522_0001-1443x2048.jpg 1443w, http:\/\/parafiarybarzowice.pl\/wp-content\/uploads\/2022\/01\/SKM_C224e22012208522_0001-660x936.jpg 660w, http:\/\/parafiarybarzowice.pl\/wp-content\/uploads\/2022\/01\/SKM_C224e22012208522_0001-scaled.jpg 1804w\" sizes=\"(max-width: 722px) 100vw, 722px\" \/><\/figure>\n\n\n\n<p>Temat Synodu brzmi: <strong>,, Ku Ko\u015bcio\u0142owi synodalnemu: komunia, uczestnictwo i misja\u201d.<\/strong><\/p>\n\n\n\n<p>Celem obecnego Synodu jest pe\u0142na wiary i s\u0142uchania natchnie\u0144 Boga refleksja nad nasz\u0105 wsp\u00f3ln\u0105 drog\u0105 w Ko\u015bciele. Do osi\u0105gni\u0119cia tego celu konieczna jest pewna diagnoza, wys\u0142uchanie i refleksja nad co by\u0142o, co jest i czego oczekujemy, co mo\u017cemy zmieni\u0107, aby nasz lokalny, ale i powszechny Ko\u015bci\u00f3\u0142 sta\u0142 si\u0119 Ko\u015bcio\u0142em \u017cywym, zjednoczonym i dzia\u0142aj\u0105cym w \u015bwiecie. Do tej refleksji mog\u0105 s\u0142u\u017cy\u0107 poni\u017csze zagadnienia. Warto\u015bciowe b\u0119d\u0105 r\u00f3wnie\u017c my\u015bli, kt\u00f3re nie wynikaj\u0105 z poni\u017cszych zagadnie\u0144, ale rodz\u0105 si\u0119 w sercu dla dobra Ko\u015bcio\u0142a. Ka\u017cda wypowied\u017a jest wa\u017cna i musi wynika\u0107 z wiary, by\u0107 rozeznana na modlitwie, oparta na medytacji nad S\u0142owem Bo\u017cym. Nie mo\u017ce by\u0107 skupiona tylko na krytyce czy pochwa\u0142ach (cho\u0107 nie nale\u017cy unika\u0107 ani jednego, ani drugiego). Prosimy o rzetelne, powa\u017cne podej\u015bcie do problemu. Ufamy, \u017ce nasz g\u0142os mo\u017ce du\u017co zmieni\u0107. Podejmijmy modlitw\u0119 i trud zaanga\u017cowania w t\u0119 spraw\u0119, aby\u015bmy prawdziwie pod\u0105\u017cali razem.<\/p>\n\n\n\n<p>Chcemy om\u00f3wi\u0107 na spotkaniach w naszej Parafii nast\u0119puj\u0105ce bloki tematyczne:<\/p>\n\n\n\n<ol type=\"1\"><li><strong>Towarzysze podr\u00f3\u017cy<\/strong><\/li><\/ol>\n\n\n\n<p><em>Tego samego dnia dwaj z nich byli w drodze do wsi, zwanej Emaus, oddalonej sze\u015b\u0107dziesi\u0105t stadi\u00f3w od Jerozolimy. Rozmawiali oni z sob\u0105 o tym wszystkim, co si\u0119 wydarzy\u0142o. Gdy tak rozmawiali i rozprawiali z sob\u0105, sam Jezus przybli\u017cy\u0142 si\u0119 i szed\u0142 z nimi (\u0141k 24, 13-15).<\/em><\/p>\n\n\n\n<p>Jakie jest Twoje do\u015bwiadczenie wsp\u00f3lnotowego odkrywania Boga, bli\u017aniego i siebie w Ko\u015bciele?<br>Podkre\u015bl warto\u015b\u0107 tego, co jest dobre, godne rozwini\u0119cia i pog\u0142\u0119bienia, wska\u017c r\u00f3wnie\u017c obszar wymagaj\u0105cy poprawy, a mo\u017ce dostrzegasz wyra\u017any brak i masz pomys\u0142 jak temu zaradzi\u0107? Jak Ko\u015bci\u00f3\u0142 mo\u017ce i powinien wyj\u015b\u0107 naprzeciw oddalonym i pogubionym?<\/p>\n\n\n\n<ul><li><strong>Celebrowanie<\/strong><\/li><\/ul>\n\n\n\n<p><em>Trwali oni w nauce Aposto\u0142\u00f3w i we wsp\u00f3lnocie, w \u0142amaniu chleba i w modlitwach (Dz 2, 42).<\/em><em><\/em><\/p>\n\n\n\n<p>Jakie jest moje do\u015bwiadczenie wsp\u00f3lnotowych celebracji \u2013 zw\u0142aszcza prze\u017cywanej Eucharystii i nabo\u017ce\u0144stw? Co dla mnie jest najistotniejsze? Co mog\u0119 podkre\u015bli\u0107 jako wyj\u0105tkowe i wa\u017cne? Jakie mankamenty dostrzegam? Co przeszkadza w pe\u0142nym wej\u015bciu w do\u015bwiadczenie wiary? Czy liturgia, celebrans i jej oprawa przybli\u017caj\u0105 mnie do Sacrum? Jak wsp\u00f3lnotowe do\u015bwiadczenie wiary umacnia mnie w codzienno\u015bci, wskazuje kierunek dzia\u0142ania, motywuje do \u015bwi\u0119to\u015bci i inspiruje do zaanga\u017cowania w budowanie cywilizacji opartej na Ewangelii? Czy widz\u0119 obszar osobistego zaanga\u017cowania w celebracj\u0119? Jakie przeszkody\/braki dostrzegam w \u017cyciu liturgicznym Ko\u015bcio\u0142a?<\/p>\n\n\n\n<ul><li><strong>Wsp\u00f3\u0142odpowiedzialni<\/strong><\/li><\/ul>\n\n\n\n<p><em>R\u00f3\u017cne s\u0105 dary \u0142aski, lecz ten sam Duch; r\u00f3\u017cne te\u017c s\u0105 rodzaje pos\u0142ugiwania, ale jeden Pan; r\u00f3\u017cne s\u0105 wreszcie dzia\u0142ania, lecz ten sam B\u00f3g, sprawca wszystkiego we wszystkich (1Kor 12, 4-6).<\/em><\/p>\n\n\n\n<p>W Ko\u015bciele ka\u017cdy ma swoje miejsce i zadanie \u2013 r\u00f3\u017cnorodno\u015b\u0107 talent\u00f3w, umiej\u0119tno\u015bci i pasji winno s\u0142u\u017cy\u0107 bli\u017anim w drodze wiary i poprawie jako\u015bci \u017cycia w codzienno\u015bci. Jak moje do\u015bwiadczenie \u017cycie weryfikuje t\u0119 prawd\u0119? Jakie przeszkody i zaniedbania dostrzegam? Jak Ko\u015bci\u00f3\u0142 mo\u017ce wsp\u00f3\u0142pracowa\u0107 z zaanga\u017cowanymi w dobro wsp\u00f3lne \u2013 spo\u0142ecznikami, politykami, naukowcami, pedagogami, zatroskanymi o ochron\u0119 praw cz\u0142owieka czy ekologi\u0119? Czy we wsp\u00f3\u0142czesnym \u015bwiecie dostrzegam szans\u0119 na budowanie elit opartych o warto\u015bci chrze\u015bcija\u0144skie?<\/p>\n\n\n\n<ul><li><strong>W\u0142adza i uczestnictwo<\/strong><strong><\/strong><\/li><\/ul>\n\n\n\n<p>Gdy wyszed\u0142 oko\u0142o godziny trzeciej, zobaczy\u0142 innych, stoj\u0105cych na rynku bezczynnie i rzek\u0142 do nich: \u00abId\u017acie i wy do mojej winnicy\u00bb (Mt 20, 3-4).<\/p>\n\n\n\n<p>Zarz\u0105dzenie w Ko\u015bciele, jak mog\u0119 je scharakteryzowa\u0107? Jaki wp\u0142yw na okre\u015blanie cel\u00f3w duszpasterskich i gospodarczych w parafii maj\u0105 wierni \u015bwieccy \u2013 szczeg\u00f3lnie Parafialna Rada Duszpasterska i Rada Ekonomiczna? Na ile ich rekomendacje s\u0105 respektowane? Czy widz\u0119 realn\u0105 szans\u0119 na synodalny (realizowany wsp\u00f3lnie), uporz\u0105dkowany system zarz\u0105dzania, weryfikowania rekomendacji, podejmowania decyzji, odpowiedzialno\u015bci i oceny jako\u015bci dzia\u0142a\u0144? Jakie zalety, a jakie trudno\u015bci widz\u0119 w wi\u0119kszym zaanga\u017cowaniu \u015bwieckich w szeroko rozumiane \u017cycie Ko\u015bcio\u0142a \u2013 od parafii pocz\u0105wszy? Jak wierni \u015bwieccy mogli by przedstawia\u0107 swoje stanowisko w sprawach dotycz\u0105cych parafii, dekanatu, diecezji?<\/p>\n\n\n\n<p>Zapraszamy wszystkich ch\u0119tnych do uczestniczenia w spotkaniach .<\/p>\n\n\n\n<p><strong>Terminy spotka\u0144:<\/strong><\/p>\n\n\n\n<p>4 marca \u2013 pi\u0105tek (podj\u0119cie temat\u00f3w 1 i 2)<\/p>\n\n\n\n<p>25 marca- pi\u0105tek (podj\u0119cie temat\u00f3w 3 i 4)<\/p>\n\n\n\n<p>Rozpocz\u0119cie spotka\u0144 Msz\u0105 \u015awi\u0119ta i kr\u00f3tk\u0105 adoracj\u0105 Naj\u015bwi\u0119tszego Sakramentu o godzinie 17.<\/p>\n\n\n\n<p>Ka\u017cde spotkanie trwa\u0107 b\u0119dzie oko\u0142o 1,5 godziny.<\/p>\n\n\n\n<p>Osoby, kt\u00f3re nie mog\u0105 wzi\u0105\u0107 udzia\u0142u w spotkaniach, a chcia\u0142yby podzieli\u0107 si\u0119 swoimi refleksjami i do\u015bwiadczeniami, mog\u0105 to zrobi\u0107 poprzez stron\u0119 Kurii Diecezjalnej w zak\u0142adce ,,Droga Synodalna\u201d, wype\u0142niaj\u0105c formularz, kt\u00f3ry si\u0119 tam znajduje.<\/p>\n\n\n\n<figure class=\"wp-block-image size-large is-resized\"><img loading=\"lazy\" src=\"http:\/\/parafiarybarzowice.pl\/wp-content\/uploads\/2022\/01\/SKM_C224e22012208530_0001-722x1024.jpg\" alt=\"\" class=\"wp-image-692\" width=\"542\" height=\"768\" srcset=\"http:\/\/parafiarybarzowice.pl\/wp-content\/uploads\/2022\/01\/SKM_C224e22012208530_0001-722x1024.jpg 722w, http:\/\/parafiarybarzowice.pl\/wp-content\/uploads\/2022\/01\/SKM_C224e22012208530_0001-211x300.jpg 211w, http:\/\/parafiarybarzowice.pl\/wp-content\/uploads\/2022\/01\/SKM_C224e22012208530_0001-768x1090.jpg 768w, http:\/\/parafiarybarzowice.pl\/wp-content\/uploads\/2022\/01\/SKM_C224e22012208530_0001-1082x1536.jpg 1082w, http:\/\/parafiarybarzowice.pl\/wp-content\/uploads\/2022\/01\/SKM_C224e22012208530_0001-660x937.jpg 660w, http:\/\/parafiarybarzowice.pl\/wp-content\/uploads\/2022\/01\/SKM_C224e22012208530_0001.jpg 1398w\" sizes=\"(max-width: 542px) 100vw, 542px\" \/><\/figure>\n\n\n\n<p class=\"has-text-align-center\">Modlitwa za Synod: Adsumus Sancte Spiritus<br><em>Stajemy przed Tob\u0105, Duchu \u015awi\u0119ty, zgromadzeni w Imi\u0119 Twoje. Z Tob\u0105 jedynie, kt\u00f3ry nas prowadzisz; zamieszkaj w naszych sercach, naucz nas drogi, kt\u00f3r\u0105 mamy i\u015b\u0107 i jak mamy ni\u0105 pod\u0105\u017ca\u0107. Jeste\u015bmy s\u0142abi i grzeszni; nie dozw\u00f3l, aby\u015bmy wprowadzali nie\u0142ad. Nie pozw\u00f3l, by niewiedza sprowadzi\u0142a nas na niew\u0142a\u015bciw\u0105 drog\u0119 albo stronniczo\u015b\u0107 wp\u0142ywa\u0142a na nasze dzia\u0142ania. Niech w Tobie odnajdziemy nasz\u0105 jedno\u015b\u0107, aby\u015bmy mogli razem pod\u0105\u017ca\u0107 do \u017cycia wiecznego i aby\u015bmy nie zbaczali z drogi prawdy i tego, co jest s\u0142uszne. O to wszystko prosimy Ciebie, kt\u00f3ry dzia\u0142asz w ka\u017cdym miejscu i czasie, w komunii Ojca i Syna, na wieki wiek\u00f3w. Amen.<\/em><\/p>\n","protected":false},"excerpt":{"rendered":"<p>Temat Synodu brzmi: ,, Ku Ko\u015bcio\u0142owi synodalnemu: komunia, uczestnictwo i misja\u201d. Celem obecnego Synodu jest pe\u0142na wiary i s\u0142uchania natchnie\u0144 Boga refleksja nad nasz\u0105 wsp\u00f3ln\u0105 drog\u0105 w Ko\u015bciele. Do osi\u0105gni\u0119cia tego celu konieczna jest pewna diagnoza, wys\u0142uchanie i refleksja nad co by\u0142o, co jest i czego oczekujemy, co mo\u017cemy zmieni\u0107, aby nasz lokalny, ale i\u2026 <span class=\"read-more\"><a href=\"http:\/\/parafiarybarzowice.pl\/index.php\/2022\/01\/22\/droga-synodalna-w-parafii-matki-bozej-pocieszenia-w-rybarzowicach\/\">Czytaj dalej &raquo;<\/a><\/span><\/p>\n","protected":false},"author":1,"featured_media":692,"comment_status":"closed","ping_status":"","sticky":false,"template":"","format":"standard","meta":[],"categories":[1],"tags":[],"_links":{"self":[{"href":"http:\/\/parafiarybarzowice.pl\/index.php\/wp-json\/wp\/v2\/posts\/691"}],"collection":[{"href":"http:\/\/parafiarybarzowice.pl\/index.php\/wp-json\/wp\/v2\/posts"}],"about":[{"href":"http:\/\/parafiarybarzowice.pl\/index.php\/wp-json\/wp\/v2\/types\/post"}],"author":[{"embeddable":true,"href":"http:\/\/parafiarybarzowice.pl\/index.php\/wp-json\/wp\/v2\/users\/1"}],"replies":[{"embeddable":true,"href":"http:\/\/parafiarybarzowice.pl\/index.php\/wp-json\/wp\/v2\/comments?post=691"}],"version-history":[{"count":1,"href":"http:\/\/parafiarybarzowice.pl\/index.php\/wp-json\/wp\/v2\/posts\/691\/revisions"}],"predecessor-version":[{"id":694,"href":"http:\/\/parafiarybarzowice.pl\/index.php\/wp-json\/wp\/v2\/posts\/691\/revisions\/694"}],"wp:featuredmedia":[{"embeddable":true,"href":"http:\/\/parafiarybarzowice.pl\/index.php\/wp-json\/wp\/v2\/media\/692"}],"wp:attachment":[{"href":"http:\/\/parafiarybarzowice.pl\/index.php\/wp-json\/wp\/v2\/media?parent=691"}],"wp:term":[{"taxonomy":"category","embeddable":true,"href":"http:\/\/parafiarybarzowice.pl\/index.php\/wp-json\/wp\/v2\/categories?post=691"},{"taxonomy":"post_tag","embeddable":true,"href":"http:\/\/parafiarybarzowice.pl\/index.php\/wp-json\/wp\/v2\/tags?post=691"}],"curies":[{"name":"wp","href":"https:\/\/api.w.org\/{rel}","templated":true}]}}